{"id":17492,"date":"2018-02-28T11:36:52","date_gmt":"2018-02-28T10:36:52","guid":{"rendered":"http:\/\/www.mondola.it\/fr\/crema-italiana-estiva\/"},"modified":"2018-03-08T12:13:46","modified_gmt":"2018-03-08T11:13:46","slug":"crema-italiana-estiva","status":"publish","type":"post","link":"https:\/\/www.mondola.it\/fr\/crema-italiana-estiva\/","title":{"rendered":"Cr\u00e8me d&#8217;\u00e9t\u00e9 italienne"},"content":{"rendered":"<p>Nouveau en F\u00e9vrier 2018. Le style, l&#8217;\u00e9l\u00e9gance et la qualit\u00e9 qui caract\u00e9risent les produits de Fratelli Mondola.<\/p>\n\n","protected":false},"excerpt":{"rendered":"<p>Nouveau en F\u00e9vrier 2018. Le style, l&#8217;\u00e9l\u00e9gance et la qualit\u00e9 qui caract\u00e9risent les produits de Fratelli Mondola.<\/p>\n","protected":false},"author":1,"featured_media":0,"comment_status":"open","ping_status":"open","sticky":false,"template":"","format":"standard","meta":[],"categories":[72,96],"tags":[],"_links":{"self":[{"href":"https:\/\/www.mondola.it\/fr\/wp-json\/wp\/v2\/posts\/17492"}],"collection":[{"href":"https:\/\/www.mondola.it\/fr\/wp-json\/wp\/v2\/posts"}],"about":[{"href":"https:\/\/www.mondola.it\/fr\/wp-json\/wp\/v2\/types\/post"}],"author":[{"embeddable":true,"href":"https:\/\/www.mondola.it\/fr\/wp-json\/wp\/v2\/users\/1"}],"replies":[{"embeddable":true,"href":"https:\/\/www.mondola.it\/fr\/wp-json\/wp\/v2\/comments?post=17492"}],"version-history":[{"count":3,"href":"https:\/\/www.mondola.it\/fr\/wp-json\/wp\/v2\/posts\/17492\/revisions"}],"predecessor-version":[{"id":17505,"href":"https:\/\/www.mondola.it\/fr\/wp-json\/wp\/v2\/posts\/17492\/revisions\/17505"}],"wp:attachment":[{"href":"https:\/\/www.mondola.it\/fr\/wp-json\/wp\/v2\/media?parent=17492"}],"wp:term":[{"taxonomy":"category","embeddable":true,"href":"https:\/\/www.mondola.it\/fr\/wp-json\/wp\/v2\/categories?post=17492"},{"taxonomy":"post_tag","embeddable":true,"href":"https:\/\/www.mondola.it\/fr\/wp-json\/wp\/v2\/tags?post=17492"}],"curies":[{"name":"wp","href":"https:\/\/api.w.org\/{rel}","templated":true}]}}